{"id":503,"date":"2013-01-08T18:27:05","date_gmt":"2013-01-08T17:27:05","guid":{"rendered":"http:\/\/jensgustafsson.se\/?p=503"},"modified":"2019-01-13T14:39:10","modified_gmt":"2019-01-13T13:39:10","slug":"8-januari","status":"publish","type":"post","link":"https:\/\/jensgustafsson.se\/?p=503","title":{"rendered":"8 januari 2013."},"content":{"rendered":"<div id=\"attachment_504\" style=\"width: 310px\" class=\"wp-caption aligncenter\"><a href=\"http:\/\/jensgustafsson.se\/?attachment_id=504\" rel=\"attachment wp-att-504\"><img loading=\"lazy\" decoding=\"async\" aria-describedby=\"caption-attachment-504\" class=\"size-medium wp-image-504\" alt=\"En gr\u00e5 och bl\u00f6t dag.\" src=\"http:\/\/media1.jensgustafsson.se\/2013\/01\/PICT0015-300x225.jpg\" width=\"300\" height=\"225\" srcset=\"https:\/\/media1.jensgustafsson.se\/2013\/01\/PICT0015-300x225.jpg 300w, https:\/\/media1.jensgustafsson.se\/2013\/01\/PICT0015-1024x768.jpg 1024w, https:\/\/media1.jensgustafsson.se\/2013\/01\/PICT0015-400x300.jpg 400w, https:\/\/media1.jensgustafsson.se\/2013\/01\/PICT0015.jpg 2048w\" sizes=\"auto, (max-width: 300px) 100vw, 300px\" \/><\/a><p id=\"caption-attachment-504\" class=\"wp-caption-text\"><\/em> <em>En gr\u00e5 och bl\u00f6t dag.<\/em><\/p><\/div>\n<p><em>Mulet och underkylt regn, som \u00f6vergick i regn under f\u00f6rmiddagen. Nederb\u00f6rden upph\u00f6rde vid lunchtid, men sent i eftermiddag kom det lite duggregn. Kallare v\u00e4der f\u00f6rutsp\u00e5s ju, vi f\u00e5r se hur det blir, \u00e4n s\u00e5 l\u00e4nge \u00e4r det plusgrader.<\/em><\/p>\n<table width=\"323\" border=\"0\" cellspacing=\"0\" cellpadding=\"0\">\n<colgroup>\n<col width=\"191\" \/>\n<col width=\"68\" \/>\n<col width=\"64\" \/><\/colgroup>\n<tbody>\n<tr>\n<td width=\"191\" height=\"19\"><em>20130108 \u00a0 kl.<\/em><\/td>\n<td width=\"68\"><em>19.00<\/em><\/td>\n<td width=\"64\"><em>\u00a0<\/em><\/td>\n<\/tr>\n<tr>\n<td height=\"19\"><em>Aktuell temp:<\/em><\/td>\n<td><em>2<\/em><\/td>\n<td><em>\u00b0C<\/em><\/td>\n<\/tr>\n<tr>\n<td height=\"19\"><em>Mintemp:<\/em><\/td>\n<td><em>-0,7<\/em><\/td>\n<td><em>\u00b0C<\/em><\/td>\n<\/tr>\n<tr>\n<td height=\"19\"><em>Maxtemp:<\/em><\/td>\n<td><em>2,6<\/em><\/td>\n<td><em>\u00b0C<\/em><\/td>\n<\/tr>\n<tr>\n<td height=\"19\"><em>Vindavkylning:<\/em><\/td>\n<td><em>2<\/em><\/td>\n<td><em>\u00b0C<\/em><\/td>\n<\/tr>\n<tr>\n<td height=\"19\"><em>Vindavkylning,mintemp:<\/em><\/td>\n<td><em>-4,6<\/em><\/td>\n<td><em>\u00b0C<\/em><\/td>\n<\/tr>\n<tr>\n<td height=\"19\"><em>Luftfuktigh:<\/em><\/td>\n<td><em>92<\/em><\/td>\n<td><em>%.<\/em><\/td>\n<\/tr>\n<tr>\n<td height=\"19\"><em>Min.<\/em><\/td>\n<td><em>88<\/em><\/td>\n<td><em>%.<\/em><\/td>\n<\/tr>\n<tr>\n<td height=\"19\"><em>Max.<\/em><\/td>\n<td><em>92<\/em><\/td>\n<td><em>%.<\/em><\/td>\n<\/tr>\n<tr>\n<td height=\"20\"><em>Lufttryck:<\/em><\/td>\n<td><em>1017,2<\/em><\/td>\n<td><em>hPa<\/em><\/td>\n<\/tr>\n<tr>\n<td height=\"20\"><em>Min.<\/em><\/td>\n<td><em>1015,6<\/em><\/td>\n<td><em>hPa<\/em><\/td>\n<\/tr>\n<tr>\n<td height=\"20\"><em>Max.<\/em><\/td>\n<td><em>1024,6<\/em><\/td>\n<td><em>hPa<\/em><\/td>\n<\/tr>\n<tr>\n<td height=\"20\"><em>Vindriktning:<\/em><\/td>\n<td colspan=\"2\"><em>Nordv\u00e4stlig<\/em><\/td>\n<\/tr>\n<tr>\n<td height=\"19\"><em>Vindhast.<\/em><\/td>\n<td><em>0<\/em><\/td>\n<td><em>m\/s.<\/em><\/td>\n<\/tr>\n<tr>\n<td height=\"19\"><em>Maxvind:<\/em><\/td>\n<td><em>3,1<\/em><\/td>\n<td><em>m\/s.<\/em><\/td>\n<\/tr>\n<tr>\n<td height=\"19\"><em>Nederb\u00f6rd:<\/em><\/td>\n<td><em>2,5<\/em><\/td>\n<td><em>mm<\/em><\/td>\n<\/tr>\n<tr>\n<td height=\"19\"><em>Sn\u00f6t\u00e4cke:<\/em><\/td>\n<td colspan=\"2\"><em>Ej m\u00e4tbart<\/em><\/td>\n<\/tr>\n<\/tbody>\n<\/table>\n<p>&nbsp;<\/p>\n","protected":false},"excerpt":{"rendered":"<p>Mulet och underkylt regn, som \u00f6vergick i regn under f\u00f6rmiddagen. Nederb\u00f6rden upph\u00f6rde vid lunchtid, men sent i eftermiddag kom det lite duggregn. Kallare v\u00e4der f\u00f6rutsp\u00e5s ju, vi f\u00e5r se hur det blir, \u00e4n s\u00e5 l\u00e4nge \u00e4r det plusgrader. 20130108 \u00a0 &hellip; <a href=\"https:\/\/jensgustafsson.se\/?p=503\">Forts\u00e4tt l\u00e4sa <span class=\"meta-nav\">&rarr;<\/span><\/a><\/p>\n","protected":false},"author":1,"featured_media":0,"comment_status":"closed","ping_status":"open","sticky":false,"template":"","format":"standard","meta":{"footnotes":""},"categories":[1],"tags":[],"class_list":["post-503","post","type-post","status-publish","format-standard","hentry","category-uncategorized"],"_links":{"self":[{"href":"https:\/\/jensgustafsson.se\/index.php?rest_route=\/wp\/v2\/posts\/503","targetHints":{"allow":["GET"]}}],"collection":[{"href":"https:\/\/jensgustafsson.se\/index.php?rest_route=\/wp\/v2\/posts"}],"about":[{"href":"https:\/\/jensgustafsson.se\/index.php?rest_route=\/wp\/v2\/types\/post"}],"author":[{"embeddable":true,"href":"https:\/\/jensgustafsson.se\/index.php?rest_route=\/wp\/v2\/users\/1"}],"replies":[{"embeddable":true,"href":"https:\/\/jensgustafsson.se\/index.php?rest_route=%2Fwp%2Fv2%2Fcomments&post=503"}],"version-history":[{"count":3,"href":"https:\/\/jensgustafsson.se\/index.php?rest_route=\/wp\/v2\/posts\/503\/revisions"}],"predecessor-version":[{"id":11727,"href":"https:\/\/jensgustafsson.se\/index.php?rest_route=\/wp\/v2\/posts\/503\/revisions\/11727"}],"wp:attachment":[{"href":"https:\/\/jensgustafsson.se\/index.php?rest_route=%2Fwp%2Fv2%2Fmedia&parent=503"}],"wp:term":[{"taxonomy":"category","embeddable":true,"href":"https:\/\/jensgustafsson.se\/index.php?rest_route=%2Fwp%2Fv2%2Fcategories&post=503"},{"taxonomy":"post_tag","embeddable":true,"href":"https:\/\/jensgustafsson.se\/index.php?rest_route=%2Fwp%2Fv2%2Ftags&post=503"}],"curies":[{"name":"wp","href":"https:\/\/api.w.org\/{rel}","templated":true}]}}