{"id":5483,"date":"2016-01-14T19:13:22","date_gmt":"2016-01-14T18:13:22","guid":{"rendered":"http:\/\/jensgustafsson.se\/?p=5483"},"modified":"2016-01-14T19:13:22","modified_gmt":"2016-01-14T18:13:22","slug":"torsdag-14-januari-2016","status":"publish","type":"post","link":"https:\/\/jensgustafsson.se\/?p=5483","title":{"rendered":"Torsdag 14 januari 2016"},"content":{"rendered":"<p>&nbsp;<\/p>\n<div id=\"attachment_5484\" style=\"width: 3930px\" class=\"wp-caption aligncenter\"><a style=\"color: #33cccc;\" href=\"http:\/\/media1.jensgustafsson.se\/2016\/01\/DSC_0723.jpg\"><img loading=\"lazy\" decoding=\"async\" aria-describedby=\"caption-attachment-5484\" class=\"size-full wp-image-5484\" src=\"http:\/\/media1.jensgustafsson.se\/2016\/01\/DSC_0723.jpg\" alt=\"En solig och kall vinterdag.\" width=\"3920\" height=\"2204\" srcset=\"https:\/\/media1.jensgustafsson.se\/2016\/01\/DSC_0723.jpg 3920w, https:\/\/media1.jensgustafsson.se\/2016\/01\/DSC_0723-300x169.jpg 300w, https:\/\/media1.jensgustafsson.se\/2016\/01\/DSC_0723-1024x576.jpg 1024w, https:\/\/media1.jensgustafsson.se\/2016\/01\/DSC_0723-500x281.jpg 500w\" sizes=\"auto, (max-width: 3920px) 100vw, 3920px\" \/><\/a><p id=\"caption-attachment-5484\" class=\"wp-caption-text\"><\/em><\/span> <span style=\"color: #33cccc;\"><em>En solig och kall vinterdag.<\/em><\/span><\/p><\/div>\n<p><span style=\"color: #33cccc;\"><em>Idag har det varigt soligt, men kallt. Som tur \u00e4r har vinden varit svag, annars hade det varit \u00e4nnu bistrare.<\/em><\/span><\/p>\n<p><span style=\"color: #33cccc;\"><em>Temperaturdiagrammet \u00e4r sj\u00e4lvtalande.<\/em><\/span><\/p>\n<p><span style=\"color: #33cccc;\"><em><a style=\"color: #33cccc;\" href=\"http:\/\/media1.jensgustafsson.se\/2016\/01\/20160114.png\"><img loading=\"lazy\" decoding=\"async\" class=\"aligncenter size-full wp-image-5485\" src=\"http:\/\/media1.jensgustafsson.se\/2016\/01\/20160114.png\" alt=\"20160114\" width=\"600\" height=\"300\" srcset=\"https:\/\/media1.jensgustafsson.se\/2016\/01\/20160114.png 600w, https:\/\/media1.jensgustafsson.se\/2016\/01\/20160114-300x150.png 300w, https:\/\/media1.jensgustafsson.se\/2016\/01\/20160114-500x250.png 500w\" sizes=\"auto, (max-width: 600px) 100vw, 600px\" \/><\/a><\/em><\/span><\/p>\n<p><span style=\"color: #33cccc;\"><em>Aktuella och loggade v\u00e4rden fr\u00e5n 20160113 kl.19.30 till 20160114 kl.19.00:<\/em><\/span><\/p>\n<table width=\"420\">\n<tbody>\n<tr>\n<td width=\"167\"><span style=\"color: #33cccc;\"><em>Temperatur:<\/em><\/span><\/td>\n<td width=\"115\"><span style=\"color: #33cccc;\"><em>-14,1<\/em><\/span><\/td>\n<td width=\"138\"><span style=\"color: #33cccc;\"><em>\u00b0C<\/em><\/span><\/td>\n<\/tr>\n<tr>\n<td><span style=\"color: #33cccc;\"><em>Min:<\/em><\/span><\/td>\n<td><span style=\"color: #33cccc;\"><em>-14,1<\/em><\/span><\/td>\n<td><span style=\"color: #33cccc;\"><em>\u00b0C<\/em><\/span><\/td>\n<\/tr>\n<tr>\n<td><span style=\"color: #33cccc;\"><em>Max:<\/em><\/span><\/td>\n<td><span style=\"color: #33cccc;\"><em>-7,8<\/em><\/span><\/td>\n<td><span style=\"color: #33cccc;\"><em>\u00b0C<\/em><\/span><\/td>\n<\/tr>\n<tr>\n<td><span style=\"color: #33cccc;\"><em>Luftfuktigh:<\/em><\/span><\/td>\n<td><span style=\"color: #33cccc;\"><em>80<\/em><\/span><\/td>\n<td><span style=\"color: #33cccc;\"><em>%<\/em><\/span><\/td>\n<\/tr>\n<tr>\n<td><span style=\"color: #33cccc;\"><em>Min.<\/em><\/span><\/td>\n<td><span style=\"color: #33cccc;\"><em>78<\/em><\/span><\/td>\n<td><span style=\"color: #33cccc;\"><em>%<\/em><\/span><\/td>\n<\/tr>\n<tr>\n<td><span style=\"color: #33cccc;\"><em>Max.<\/em><\/span><\/td>\n<td><span style=\"color: #33cccc;\"><em>86<\/em><\/span><\/td>\n<td><span style=\"color: #33cccc;\"><em>%<\/em><\/span><\/td>\n<\/tr>\n<tr>\n<td><span style=\"color: #33cccc;\"><em>Lufttryck:<\/em><\/span><\/td>\n<td><span style=\"color: #33cccc;\"><em>1009<\/em><\/span><\/td>\n<td><span style=\"color: #33cccc;\"><em>hPa<\/em><\/span><\/td>\n<\/tr>\n<tr>\n<td><span style=\"color: #33cccc;\"><em>Min.<\/em><\/span><\/td>\n<td><span style=\"color: #33cccc;\"><em>1005,3<\/em><\/span><\/td>\n<td><span style=\"color: #33cccc;\"><em>hPa<\/em><\/span><\/td>\n<\/tr>\n<tr>\n<td><span style=\"color: #33cccc;\"><em>Max.<\/em><\/span><\/td>\n<td><span style=\"color: #33cccc;\"><em>1009,1<\/em><\/span><\/td>\n<td><span style=\"color: #33cccc;\"><em>hPa<\/em><\/span><\/td>\n<\/tr>\n<tr>\n<td><span style=\"color: #33cccc;\"><em>Vindriktning:<\/em><\/span><\/td>\n<td><span style=\"color: #33cccc;\"><em>Ostlig.<\/em><\/span><\/td>\n<td><span style=\"color: #33cccc;\"><em>\u00a0<\/em><\/span><\/td>\n<\/tr>\n<tr>\n<td><span style=\"color: #33cccc;\"><em>Vindhast.<\/em><\/span><\/td>\n<td><span style=\"color: #33cccc;\"><em>0<\/em><\/span><\/td>\n<td><span style=\"color: #33cccc;\"><em>m\/s<\/em><\/span><\/td>\n<\/tr>\n<tr>\n<td><span style=\"color: #33cccc;\"><em>Max:<\/em><\/span><\/td>\n<td><span style=\"color: #33cccc;\"><em>3<\/em><\/span><\/td>\n<td><span style=\"color: #33cccc;\"><em>m\/s<\/em><\/span><\/td>\n<\/tr>\n<tr>\n<td><span style=\"color: #33cccc;\"><em>Nederb\u00f6rd:<\/em><\/span><\/td>\n<td><span style=\"color: #33cccc;\"><em>0<\/em><\/span><\/td>\n<td><span style=\"color: #33cccc;\"><em>mm<\/em><\/span><\/td>\n<\/tr>\n<tr>\n<td><span style=\"color: #33cccc;\"><em>Sn\u00f6t\u00e4cke:<\/em><\/span><\/td>\n<td><span style=\"color: #33cccc;\"><em>ca 12-13<\/em><\/span><\/td>\n<td><span style=\"color: #33cccc;\"><em>cm<\/em><\/span><\/td>\n<\/tr>\n<\/tbody>\n<\/table>\n<p>&nbsp;<\/p>\n","protected":false},"excerpt":{"rendered":"<p>&nbsp; Idag har det varigt soligt, men kallt. Som tur \u00e4r har vinden varit svag, annars hade det varit \u00e4nnu bistrare. Temperaturdiagrammet \u00e4r sj\u00e4lvtalande. Aktuella och loggade v\u00e4rden fr\u00e5n 20160113 kl.19.30 till 20160114 kl.19.00: Temperatur: -14,1 \u00b0C Min: -14,1 \u00b0C &hellip; <a href=\"https:\/\/jensgustafsson.se\/?p=5483\">Forts\u00e4tt l\u00e4sa <span class=\"meta-nav\">&rarr;<\/span><\/a><\/p>\n","protected":false},"author":1,"featured_media":0,"comment_status":"open","ping_status":"closed","sticky":false,"template":"","format":"standard","meta":{"footnotes":""},"categories":[10],"tags":[],"class_list":["post-5483","post","type-post","status-publish","format-standard","hentry","category-vaderdagbok-2013"],"_links":{"self":[{"href":"https:\/\/jensgustafsson.se\/index.php?rest_route=\/wp\/v2\/posts\/5483","targetHints":{"allow":["GET"]}}],"collection":[{"href":"https:\/\/jensgustafsson.se\/index.php?rest_route=\/wp\/v2\/posts"}],"about":[{"href":"https:\/\/jensgustafsson.se\/index.php?rest_route=\/wp\/v2\/types\/post"}],"author":[{"embeddable":true,"href":"https:\/\/jensgustafsson.se\/index.php?rest_route=\/wp\/v2\/users\/1"}],"replies":[{"embeddable":true,"href":"https:\/\/jensgustafsson.se\/index.php?rest_route=%2Fwp%2Fv2%2Fcomments&post=5483"}],"version-history":[{"count":1,"href":"https:\/\/jensgustafsson.se\/index.php?rest_route=\/wp\/v2\/posts\/5483\/revisions"}],"predecessor-version":[{"id":5486,"href":"https:\/\/jensgustafsson.se\/index.php?rest_route=\/wp\/v2\/posts\/5483\/revisions\/5486"}],"wp:attachment":[{"href":"https:\/\/jensgustafsson.se\/index.php?rest_route=%2Fwp%2Fv2%2Fmedia&parent=5483"}],"wp:term":[{"taxonomy":"category","embeddable":true,"href":"https:\/\/jensgustafsson.se\/index.php?rest_route=%2Fwp%2Fv2%2Fcategories&post=5483"},{"taxonomy":"post_tag","embeddable":true,"href":"https:\/\/jensgustafsson.se\/index.php?rest_route=%2Fwp%2Fv2%2Ftags&post=5483"}],"curies":[{"name":"wp","href":"https:\/\/api.w.org\/{rel}","templated":true}]}}