{"id":5600,"date":"2016-02-05T19:26:49","date_gmt":"2016-02-05T18:26:49","guid":{"rendered":"http:\/\/jensgustafsson.se\/?p=5600"},"modified":"2016-02-05T19:26:49","modified_gmt":"2016-02-05T18:26:49","slug":"fredag-5-februari-2016","status":"publish","type":"post","link":"https:\/\/jensgustafsson.se\/?p=5600","title":{"rendered":"Fredag 5 februari 2016."},"content":{"rendered":"<p>&nbsp;<\/p>\n<div id=\"attachment_5601\" style=\"width: 3930px\" class=\"wp-caption aligncenter\"><a style=\"color: #33cccc;\" href=\"http:\/\/media1.jensgustafsson.se\/2016\/02\/DSC_0775.jpg\"><img loading=\"lazy\" decoding=\"async\" aria-describedby=\"caption-attachment-5601\" class=\"size-full wp-image-5601\" src=\"http:\/\/media1.jensgustafsson.se\/2016\/02\/DSC_0775.jpg\" alt=\"P\u00e5 morgonen idag.\" width=\"3920\" height=\"2204\" srcset=\"https:\/\/media1.jensgustafsson.se\/2016\/02\/DSC_0775.jpg 3920w, https:\/\/media1.jensgustafsson.se\/2016\/02\/DSC_0775-300x169.jpg 300w, https:\/\/media1.jensgustafsson.se\/2016\/02\/DSC_0775-1024x576.jpg 1024w, https:\/\/media1.jensgustafsson.se\/2016\/02\/DSC_0775-500x281.jpg 500w\" sizes=\"auto, (max-width: 3920px) 100vw, 3920px\" \/><\/a><p id=\"caption-attachment-5601\" class=\"wp-caption-text\"><\/em><\/span> <span style=\"color: #33cccc;\"><em>P\u00e5 morgonen idag.<\/em><\/span><\/p><\/div>\n<p><span style=\"color: #33cccc;\"><em>Bilden ovan \u00e4r sj\u00e4lvtalande om vilken fin morgon det var med den fint f\u00e4rgade himlen vid soluppg\u00e5ngen och n\u00e5gra minusgrader i luften.<\/em><\/span><\/p>\n<p><span style=\"color: #33cccc;\"><em>Resten av dagen har det varit en hel del sol, men \u00e4ven en del molnsl\u00f6jor tidvis.<\/em><\/span><\/p>\n<div id=\"attachment_5602\" style=\"width: 3930px\" class=\"wp-caption aligncenter\"><a style=\"color: #33cccc;\" href=\"http:\/\/media1.jensgustafsson.se\/2016\/02\/DSC_0776.jpg\"><img loading=\"lazy\" decoding=\"async\" aria-describedby=\"caption-attachment-5602\" class=\"size-full wp-image-5602\" src=\"http:\/\/media1.jensgustafsson.se\/2016\/02\/DSC_0776.jpg\" alt=\"Dagens lunchbild med solsken.\" width=\"3920\" height=\"2204\" srcset=\"https:\/\/media1.jensgustafsson.se\/2016\/02\/DSC_0776.jpg 3920w, https:\/\/media1.jensgustafsson.se\/2016\/02\/DSC_0776-300x169.jpg 300w, https:\/\/media1.jensgustafsson.se\/2016\/02\/DSC_0776-1024x576.jpg 1024w, https:\/\/media1.jensgustafsson.se\/2016\/02\/DSC_0776-500x281.jpg 500w\" sizes=\"auto, (max-width: 3920px) 100vw, 3920px\" \/><\/a><p id=\"caption-attachment-5602\" class=\"wp-caption-text\"><\/em><\/span> <span style=\"color: #33cccc;\"><em>Dagens lunchbild med solsken.<\/em><\/span><\/p><\/div>\n<p><span style=\"color: #33cccc;\"><em>Vinden har varit m\u00e5ttlig och kommit fr\u00e5n v\u00e4st.<\/em><\/span><\/p>\n<p><span style=\"color: #33cccc;\"><em>Temperaturen har inte orkat upp s\u00e5 h\u00f6gt idag heller, och frosten har legat i skuggan hela dagen.<\/em><\/span><\/p>\n<p><span style=\"color: #33cccc;\"><em><a style=\"color: #33cccc;\" href=\"http:\/\/media1.jensgustafsson.se\/2016\/02\/20160205.png\"><img loading=\"lazy\" decoding=\"async\" class=\"aligncenter size-full wp-image-5603\" src=\"http:\/\/media1.jensgustafsson.se\/2016\/02\/20160205.png\" alt=\"20160205\" width=\"600\" height=\"300\" srcset=\"https:\/\/media1.jensgustafsson.se\/2016\/02\/20160205.png 600w, https:\/\/media1.jensgustafsson.se\/2016\/02\/20160205-300x150.png 300w, https:\/\/media1.jensgustafsson.se\/2016\/02\/20160205-500x250.png 500w\" sizes=\"auto, (max-width: 600px) 100vw, 600px\" \/><\/a><\/em><\/span><\/p>\n<div id=\"attachment_5604\" style=\"width: 3930px\" class=\"wp-caption aligncenter\"><a style=\"color: #33cccc;\" href=\"http:\/\/media1.jensgustafsson.se\/2016\/02\/DSC_0779.jpg\"><img loading=\"lazy\" decoding=\"async\" aria-describedby=\"caption-attachment-5604\" class=\"size-full wp-image-5604\" src=\"http:\/\/media1.jensgustafsson.se\/2016\/02\/DSC_0779.jpg\" alt=\"\u00d6vrasj\u00f6n vid 16-tiden i eftermiddag.\" width=\"3920\" height=\"2204\" srcset=\"https:\/\/media1.jensgustafsson.se\/2016\/02\/DSC_0779.jpg 3920w, https:\/\/media1.jensgustafsson.se\/2016\/02\/DSC_0779-300x169.jpg 300w, https:\/\/media1.jensgustafsson.se\/2016\/02\/DSC_0779-1024x576.jpg 1024w, https:\/\/media1.jensgustafsson.se\/2016\/02\/DSC_0779-500x281.jpg 500w\" sizes=\"auto, (max-width: 3920px) 100vw, 3920px\" \/><\/a><p id=\"caption-attachment-5604\" class=\"wp-caption-text\"><\/em><\/span> <span style=\"color: #33cccc;\"><em>\u00d6vrasj\u00f6n vid 16-tiden i eftermiddag.<\/em><\/span><\/p><\/div>\n<p>&nbsp;<\/p>\n<p><span style=\"color: #33cccc;\"><em>Aktuella och loggade v\u00e4rden fr\u00e5n 20160204 kl.18.30 till 20160205 kl.19.00:<\/em><\/span><\/p>\n<table width=\"323\">\n<tbody>\n<tr>\n<td width=\"191\"><span style=\"color: #33cccc;\"><em>Aktuell temp:<\/em><\/span><\/td>\n<td width=\"68\"><span style=\"color: #33cccc;\"><em>-1,3<\/em><\/span><\/td>\n<td width=\"64\"><span style=\"color: #33cccc;\"><em>\u00b0C<\/em><\/span><\/td>\n<\/tr>\n<tr>\n<td><span style=\"color: #33cccc;\"><em>Mintemp:<\/em><\/span><\/td>\n<td><span style=\"color: #33cccc;\"><em>-4,1<\/em><\/span><\/td>\n<td><span style=\"color: #33cccc;\"><em>\u00b0C<\/em><\/span><\/td>\n<\/tr>\n<tr>\n<td><span style=\"color: #33cccc;\"><em>Maxtemp:<\/em><\/span><\/td>\n<td><span style=\"color: #33cccc;\"><em>1,7<\/em><\/span><\/td>\n<td><span style=\"color: #33cccc;\"><em>\u00b0C<\/em><\/span><\/td>\n<\/tr>\n<tr>\n<td><span style=\"color: #33cccc;\"><em>Luftfuktigh:<\/em><\/span><\/td>\n<td><span style=\"color: #33cccc;\"><em>82<\/em><\/span><\/td>\n<td><span style=\"color: #33cccc;\"><em>%.<\/em><\/span><\/td>\n<\/tr>\n<tr>\n<td><span style=\"color: #33cccc;\"><em>Min.<\/em><\/span><\/td>\n<td><span style=\"color: #33cccc;\"><em>73<\/em><\/span><\/td>\n<td><span style=\"color: #33cccc;\"><em>%.<\/em><\/span><\/td>\n<\/tr>\n<tr>\n<td><span style=\"color: #33cccc;\"><em>Max.<\/em><\/span><\/td>\n<td><span style=\"color: #33cccc;\"><em>82<\/em><\/span><\/td>\n<td><span style=\"color: #33cccc;\"><em>%.<\/em><\/span><\/td>\n<\/tr>\n<tr>\n<td><span style=\"color: #33cccc;\"><em>Lufttryck:<\/em><\/span><\/td>\n<td><span style=\"color: #33cccc;\"><em>1014,2<\/em><\/span><\/td>\n<td><span style=\"color: #33cccc;\"><em>hPa<\/em><\/span><\/td>\n<\/tr>\n<tr>\n<td><span style=\"color: #33cccc;\"><em>Min.<\/em><\/span><\/td>\n<td><span style=\"color: #33cccc;\"><em>1006,3<\/em><\/span><\/td>\n<td><span style=\"color: #33cccc;\"><em>hPa<\/em><\/span><\/td>\n<\/tr>\n<tr>\n<td><span style=\"color: #33cccc;\"><em>Max.<\/em><\/span><\/td>\n<td><span style=\"color: #33cccc;\"><em>1014,4<\/em><\/span><\/td>\n<td><span style=\"color: #33cccc;\"><em>hPa<\/em><\/span><\/td>\n<\/tr>\n<tr>\n<td><span style=\"color: #33cccc;\"><em>Vindriktning:<\/em><\/span><\/td>\n<td><span style=\"color: #33cccc;\"><em>V\u00e4stlig.<\/em><\/span><\/td>\n<td><span style=\"color: #33cccc;\"><em>\u00a0<\/em><\/span><\/td>\n<\/tr>\n<tr>\n<td><span style=\"color: #33cccc;\"><em>Vindhast.<\/em><\/span><\/td>\n<td><span style=\"color: #33cccc;\"><em>0<\/em><\/span><\/td>\n<td><span style=\"color: #33cccc;\"><em>m\/s.<\/em><\/span><\/td>\n<\/tr>\n<tr>\n<td><span style=\"color: #33cccc;\"><em>Maxvind:<\/em><\/span><\/td>\n<td><span style=\"color: #33cccc;\"><em>7<\/em><\/span><\/td>\n<td><span style=\"color: #33cccc;\"><em>m\/s.<\/em><\/span><\/td>\n<\/tr>\n<tr>\n<td><span style=\"color: #33cccc;\"><em>Nederb\u00f6rd:<\/em><\/span><\/td>\n<td><span style=\"color: #33cccc;\"><em>0<\/em><\/span><\/td>\n<td><span style=\"color: #33cccc;\"><em>mm<\/em><\/span><\/td>\n<\/tr>\n<tr>\n<td><span style=\"color: #33cccc;\"><em>Sn\u00f6t\u00e4cke:<\/em><\/span><\/td>\n<td><span style=\"color: #33cccc;\"><em>Barmark<\/em><\/span><\/td>\n<td><span style=\"color: #33cccc;\"><em>\u00a0<\/em><\/span><\/td>\n<\/tr>\n<\/tbody>\n<\/table>\n<p>&nbsp;<\/p>\n","protected":false},"excerpt":{"rendered":"<p>&nbsp; Bilden ovan \u00e4r sj\u00e4lvtalande om vilken fin morgon det var med den fint f\u00e4rgade himlen vid soluppg\u00e5ngen och n\u00e5gra minusgrader i luften. Resten av dagen har det varit en hel del sol, men \u00e4ven en del molnsl\u00f6jor tidvis. Vinden &hellip; <a href=\"https:\/\/jensgustafsson.se\/?p=5600\">Forts\u00e4tt l\u00e4sa <span class=\"meta-nav\">&rarr;<\/span><\/a><\/p>\n","protected":false},"author":1,"featured_media":0,"comment_status":"open","ping_status":"closed","sticky":false,"template":"","format":"standard","meta":{"footnotes":""},"categories":[10],"tags":[],"class_list":["post-5600","post","type-post","status-publish","format-standard","hentry","category-vaderdagbok-2013"],"_links":{"self":[{"href":"https:\/\/jensgustafsson.se\/index.php?rest_route=\/wp\/v2\/posts\/5600","targetHints":{"allow":["GET"]}}],"collection":[{"href":"https:\/\/jensgustafsson.se\/index.php?rest_route=\/wp\/v2\/posts"}],"about":[{"href":"https:\/\/jensgustafsson.se\/index.php?rest_route=\/wp\/v2\/types\/post"}],"author":[{"embeddable":true,"href":"https:\/\/jensgustafsson.se\/index.php?rest_route=\/wp\/v2\/users\/1"}],"replies":[{"embeddable":true,"href":"https:\/\/jensgustafsson.se\/index.php?rest_route=%2Fwp%2Fv2%2Fcomments&post=5600"}],"version-history":[{"count":1,"href":"https:\/\/jensgustafsson.se\/index.php?rest_route=\/wp\/v2\/posts\/5600\/revisions"}],"predecessor-version":[{"id":5605,"href":"https:\/\/jensgustafsson.se\/index.php?rest_route=\/wp\/v2\/posts\/5600\/revisions\/5605"}],"wp:attachment":[{"href":"https:\/\/jensgustafsson.se\/index.php?rest_route=%2Fwp%2Fv2%2Fmedia&parent=5600"}],"wp:term":[{"taxonomy":"category","embeddable":true,"href":"https:\/\/jensgustafsson.se\/index.php?rest_route=%2Fwp%2Fv2%2Fcategories&post=5600"},{"taxonomy":"post_tag","embeddable":true,"href":"https:\/\/jensgustafsson.se\/index.php?rest_route=%2Fwp%2Fv2%2Ftags&post=5600"}],"curies":[{"name":"wp","href":"https:\/\/api.w.org\/{rel}","templated":true}]}}