{"id":5699,"date":"2016-02-21T20:57:36","date_gmt":"2016-02-21T19:57:36","guid":{"rendered":"http:\/\/jensgustafsson.se\/?p=5699"},"modified":"2016-02-21T21:02:38","modified_gmt":"2016-02-21T20:02:38","slug":"sondag-21-februari-2016","status":"publish","type":"post","link":"https:\/\/jensgustafsson.se\/?p=5699","title":{"rendered":"S\u00f6ndag 21 februari 2016."},"content":{"rendered":"<p><a href=\"http:\/\/media1.jensgustafsson.se\/2016\/02\/DSC_0005.jpg\"><img loading=\"lazy\" decoding=\"async\" class=\"aligncenter size-full wp-image-5702\" src=\"http:\/\/media1.jensgustafsson.se\/2016\/02\/DSC_0005.jpg\" alt=\"DSC_0005\" width=\"2304\" height=\"1536\" srcset=\"https:\/\/media1.jensgustafsson.se\/2016\/02\/DSC_0005.jpg 2304w, https:\/\/media1.jensgustafsson.se\/2016\/02\/DSC_0005-300x200.jpg 300w, https:\/\/media1.jensgustafsson.se\/2016\/02\/DSC_0005-1024x683.jpg 1024w, https:\/\/media1.jensgustafsson.se\/2016\/02\/DSC_0005-450x300.jpg 450w\" sizes=\"auto, (max-width: 2304px) 100vw, 2304px\" \/><\/a><\/p>\n<p><span style=\"color: #33cccc;\"><em>Under natten och p\u00e5 morgonen kom det regn\/bl\u00f6tsn\u00f6. Under f\u00f6rmiddagen slutade det, och molnt\u00e4cket sprack upp, men det har kommit n\u00e5gra kortvariga regnskurar.<\/em><\/span><\/p>\n<p><span style=\"color: #33cccc;\"><em>Vinden m\u00e5ttlig fr\u00e5n sydv\u00e4st, och ett antal plusgrader tillsammans med vinden har g\u00e5tt illa \u00e5t sn\u00f6t\u00e4cket.<\/em><\/span><\/p>\n<p><span style=\"color: #33cccc;\"><em><a style=\"color: #33cccc;\" href=\"http:\/\/media1.jensgustafsson.se\/2016\/02\/20160221.png\"><img loading=\"lazy\" decoding=\"async\" class=\"aligncenter size-full wp-image-5700\" src=\"http:\/\/media1.jensgustafsson.se\/2016\/02\/20160221.png\" alt=\"20160221\" width=\"600\" height=\"300\" srcset=\"https:\/\/media1.jensgustafsson.se\/2016\/02\/20160221.png 600w, https:\/\/media1.jensgustafsson.se\/2016\/02\/20160221-300x150.png 300w, https:\/\/media1.jensgustafsson.se\/2016\/02\/20160221-500x250.png 500w\" sizes=\"auto, (max-width: 600px) 100vw, 600px\" \/><\/a><\/em><\/span><\/p>\n<p><span style=\"color: #33cccc;\"><em>Aktuella och loggade v\u00e4rden fr\u00e5n 20160220 kl.18.30 till 20160221 kl.21.00:<\/em><\/span><\/p>\n<table width=\"465\">\n<tbody>\n<tr>\n<td width=\"191\"><span style=\"color: #33cccc;\"><em>Temperatur:<\/em><\/span><\/td>\n<td width=\"146\"><span style=\"color: #33cccc;\"><em>1,8<\/em><\/span><\/td>\n<td width=\"128\"><span style=\"color: #33cccc;\"><em>\u00b0C<\/em><\/span><\/td>\n<\/tr>\n<tr>\n<td><span style=\"color: #33cccc;\"><em>Min:<\/em><\/span><\/td>\n<td><span style=\"color: #33cccc;\"><em>0,9<\/em><\/span><\/td>\n<td><span style=\"color: #33cccc;\"><em>\u00b0C<\/em><\/span><\/td>\n<\/tr>\n<tr>\n<td><span style=\"color: #33cccc;\"><em>Max:<\/em><\/span><\/td>\n<td><span style=\"color: #33cccc;\"><em>4,1<\/em><\/span><\/td>\n<td><span style=\"color: #33cccc;\"><em>\u00b0C<\/em><\/span><\/td>\n<\/tr>\n<tr>\n<td><span style=\"color: #33cccc;\"><em>Luftfuktigh:<\/em><\/span><\/td>\n<td><span style=\"color: #33cccc;\"><em>88<\/em><\/span><\/td>\n<td><span style=\"color: #33cccc;\"><em>%<\/em><\/span><\/td>\n<\/tr>\n<tr>\n<td><span style=\"color: #33cccc;\"><em>Min.<\/em><\/span><\/td>\n<td><span style=\"color: #33cccc;\"><em>82<\/em><\/span><\/td>\n<td><span style=\"color: #33cccc;\"><em>%<\/em><\/span><\/td>\n<\/tr>\n<tr>\n<td><span style=\"color: #33cccc;\"><em>Max.<\/em><\/span><\/td>\n<td><span style=\"color: #33cccc;\"><em>91<\/em><\/span><\/td>\n<td><span style=\"color: #33cccc;\"><em>%<\/em><\/span><\/td>\n<\/tr>\n<tr>\n<td><span style=\"color: #33cccc;\"><em>Lufttryck:<\/em><\/span><\/td>\n<td><span style=\"color: #33cccc;\"><em>991<\/em><\/span><\/td>\n<td><span style=\"color: #33cccc;\"><em>hPa<\/em><\/span><\/td>\n<\/tr>\n<tr>\n<td><span style=\"color: #33cccc;\"><em>Min.<\/em><\/span><\/td>\n<td><span style=\"color: #33cccc;\"><em>990,9<\/em><\/span><\/td>\n<td><span style=\"color: #33cccc;\"><em>hPa<\/em><\/span><\/td>\n<\/tr>\n<tr>\n<td><span style=\"color: #33cccc;\"><em>Max.<\/em><\/span><\/td>\n<td><span style=\"color: #33cccc;\"><em>995,1<\/em><\/span><\/td>\n<td><span style=\"color: #33cccc;\"><em>hPa<\/em><\/span><\/td>\n<\/tr>\n<tr>\n<td><span style=\"color: #33cccc;\"><em>Vindriktning:<\/em><\/span><\/td>\n<td><span style=\"color: #33cccc;\"><em>Sydv\u00e4stlig.<\/em><\/span><\/td>\n<td><span style=\"color: #33cccc;\"><em>\u00a0<\/em><\/span><\/td>\n<\/tr>\n<tr>\n<td><span style=\"color: #33cccc;\"><em>Vindhast.<\/em><\/span><\/td>\n<td><span style=\"color: #33cccc;\"><em>1<\/em><\/span><\/td>\n<td><span style=\"color: #33cccc;\"><em>m\/s<\/em><\/span><\/td>\n<\/tr>\n<tr>\n<td><span style=\"color: #33cccc;\"><em>Max:<\/em><\/span><\/td>\n<td><span style=\"color: #33cccc;\"><em>8<\/em><\/span><\/td>\n<td><span style=\"color: #33cccc;\"><em>m\/s<\/em><\/span><\/td>\n<\/tr>\n<tr>\n<td><span style=\"color: #33cccc;\"><em>Nederb\u00f6rd:<\/em><\/span><\/td>\n<td><span style=\"color: #33cccc;\"><em>2<\/em><\/span><\/td>\n<td><span style=\"color: #33cccc;\"><em>mm<\/em><\/span><\/td>\n<\/tr>\n<tr>\n<td><span style=\"color: #33cccc;\"><em>Sn\u00f6t\u00e4cke:<\/em><\/span><\/td>\n<td><span style=\"color: #33cccc;\"><em>Bara fl\u00e4ckvis<\/em><\/span><\/td>\n<td><span style=\"color: #33cccc;\"><em>\u00a0<\/em><\/span><\/td>\n<\/tr>\n<\/tbody>\n<\/table>\n<p>&nbsp;<\/p>\n","protected":false},"excerpt":{"rendered":"<p>Under natten och p\u00e5 morgonen kom det regn\/bl\u00f6tsn\u00f6. Under f\u00f6rmiddagen slutade det, och molnt\u00e4cket sprack upp, men det har kommit n\u00e5gra kortvariga regnskurar. Vinden m\u00e5ttlig fr\u00e5n sydv\u00e4st, och ett antal plusgrader tillsammans med vinden har g\u00e5tt illa \u00e5t sn\u00f6t\u00e4cket. Aktuella &hellip; <a href=\"https:\/\/jensgustafsson.se\/?p=5699\">Forts\u00e4tt l\u00e4sa <span class=\"meta-nav\">&rarr;<\/span><\/a><\/p>\n","protected":false},"author":1,"featured_media":0,"comment_status":"open","ping_status":"closed","sticky":false,"template":"","format":"standard","meta":{"footnotes":""},"categories":[10],"tags":[],"class_list":["post-5699","post","type-post","status-publish","format-standard","hentry","category-vaderdagbok-2013"],"_links":{"self":[{"href":"https:\/\/jensgustafsson.se\/index.php?rest_route=\/wp\/v2\/posts\/5699","targetHints":{"allow":["GET"]}}],"collection":[{"href":"https:\/\/jensgustafsson.se\/index.php?rest_route=\/wp\/v2\/posts"}],"about":[{"href":"https:\/\/jensgustafsson.se\/index.php?rest_route=\/wp\/v2\/types\/post"}],"author":[{"embeddable":true,"href":"https:\/\/jensgustafsson.se\/index.php?rest_route=\/wp\/v2\/users\/1"}],"replies":[{"embeddable":true,"href":"https:\/\/jensgustafsson.se\/index.php?rest_route=%2Fwp%2Fv2%2Fcomments&post=5699"}],"version-history":[{"count":2,"href":"https:\/\/jensgustafsson.se\/index.php?rest_route=\/wp\/v2\/posts\/5699\/revisions"}],"predecessor-version":[{"id":5703,"href":"https:\/\/jensgustafsson.se\/index.php?rest_route=\/wp\/v2\/posts\/5699\/revisions\/5703"}],"wp:attachment":[{"href":"https:\/\/jensgustafsson.se\/index.php?rest_route=%2Fwp%2Fv2%2Fmedia&parent=5699"}],"wp:term":[{"taxonomy":"category","embeddable":true,"href":"https:\/\/jensgustafsson.se\/index.php?rest_route=%2Fwp%2Fv2%2Fcategories&post=5699"},{"taxonomy":"post_tag","embeddable":true,"href":"https:\/\/jensgustafsson.se\/index.php?rest_route=%2Fwp%2Fv2%2Ftags&post=5699"}],"curies":[{"name":"wp","href":"https:\/\/api.w.org\/{rel}","templated":true}]}}