{"id":5714,"date":"2016-02-25T18:58:17","date_gmt":"2016-02-25T17:58:17","guid":{"rendered":"http:\/\/jensgustafsson.se\/?p=5714"},"modified":"2016-02-25T18:58:17","modified_gmt":"2016-02-25T17:58:17","slug":"torsdag-25-februari-2016","status":"publish","type":"post","link":"https:\/\/jensgustafsson.se\/?p=5714","title":{"rendered":"Torsdag 25 februari 2016."},"content":{"rendered":"<p>&nbsp;<\/p>\n<p><span style=\"color: #33cccc;\"><em>Idag har solen lyst fr\u00e5n en klarbl\u00e5 himmel, och det syns ju h\u00e4r p\u00e5 lunchbilden, som vanligt tagen utanf\u00f6r v\u00e5rt hus p\u00e5 Kyrkogatan.<\/em><\/span><\/p>\n<p><span style=\"color: #33cccc;\"><em><a style=\"color: #33cccc;\" href=\"http:\/\/media1.jensgustafsson.se\/2016\/02\/DSC_0823.jpg\"><img loading=\"lazy\" decoding=\"async\" class=\"aligncenter size-full wp-image-5715\" src=\"http:\/\/media1.jensgustafsson.se\/2016\/02\/DSC_0823.jpg\" alt=\"DSC_0823\" width=\"3920\" height=\"2204\" srcset=\"https:\/\/media1.jensgustafsson.se\/2016\/02\/DSC_0823.jpg 3920w, https:\/\/media1.jensgustafsson.se\/2016\/02\/DSC_0823-300x169.jpg 300w, https:\/\/media1.jensgustafsson.se\/2016\/02\/DSC_0823-1024x576.jpg 1024w, https:\/\/media1.jensgustafsson.se\/2016\/02\/DSC_0823-500x281.jpg 500w\" sizes=\"auto, (max-width: 3920px) 100vw, 3920px\" \/><\/a><\/em><\/span><\/p>\n<p><span style=\"color: #33cccc;\"><em>Lite vind idag ocks\u00e5, och temperaturen \u00e4r inte s\u00e5 m\u00e5nga grader \u00f6ver nollan, men solen v\u00e4rmer gott.<\/em><\/span><\/p>\n<p><span style=\"color: #33cccc;\"><em><a style=\"color: #33cccc;\" href=\"http:\/\/media1.jensgustafsson.se\/2016\/02\/20160225.png\"><img loading=\"lazy\" decoding=\"async\" class=\"aligncenter size-full wp-image-5716\" src=\"http:\/\/media1.jensgustafsson.se\/2016\/02\/20160225.png\" alt=\"20160225\" width=\"600\" height=\"300\" srcset=\"https:\/\/media1.jensgustafsson.se\/2016\/02\/20160225.png 600w, https:\/\/media1.jensgustafsson.se\/2016\/02\/20160225-300x150.png 300w, https:\/\/media1.jensgustafsson.se\/2016\/02\/20160225-500x250.png 500w\" sizes=\"auto, (max-width: 600px) 100vw, 600px\" \/><\/a><\/em><\/span><\/p>\n<p><span style=\"color: #33cccc;\"><em>Aktuella och loggade v\u00e4rden fr\u00e5n 20160224 kl.19.00 till 20160225 kl.18.30:<\/em><\/span><\/p>\n<table width=\"323\">\n<tbody>\n<tr>\n<td width=\"191\"><span style=\"color: #33cccc;\"><em>Temperatur:<\/em><\/span><\/td>\n<td width=\"68\"><span style=\"color: #33cccc;\"><em>-1<\/em><\/span><\/td>\n<td width=\"64\"><span style=\"color: #33cccc;\"><em>\u00b0C<\/em><\/span><\/td>\n<\/tr>\n<tr>\n<td><span style=\"color: #33cccc;\"><em>Min:<\/em><\/span><\/td>\n<td><span style=\"color: #33cccc;\"><em>-3,9<\/em><\/span><\/td>\n<td><span style=\"color: #33cccc;\"><em>\u00b0C<\/em><\/span><\/td>\n<\/tr>\n<tr>\n<td><span style=\"color: #33cccc;\"><em>Max:<\/em><\/span><\/td>\n<td><span style=\"color: #33cccc;\"><em>3,5<\/em><\/span><\/td>\n<td><span style=\"color: #33cccc;\"><em>\u00b0C<\/em><\/span><\/td>\n<\/tr>\n<tr>\n<td><span style=\"color: #33cccc;\"><em>Luftfuktigh:<\/em><\/span><\/td>\n<td><span style=\"color: #33cccc;\"><em>79<\/em><\/span><\/td>\n<td><span style=\"color: #33cccc;\"><em>%<\/em><\/span><\/td>\n<\/tr>\n<tr>\n<td><span style=\"color: #33cccc;\"><em>Min.<\/em><\/span><\/td>\n<td><span style=\"color: #33cccc;\"><em>69<\/em><\/span><\/td>\n<td><span style=\"color: #33cccc;\"><em>%<\/em><\/span><\/td>\n<\/tr>\n<tr>\n<td><span style=\"color: #33cccc;\"><em>Max.<\/em><\/span><\/td>\n<td><span style=\"color: #33cccc;\"><em>89<\/em><\/span><\/td>\n<td><span style=\"color: #33cccc;\"><em>%<\/em><\/span><\/td>\n<\/tr>\n<tr>\n<td><span style=\"color: #33cccc;\"><em>Lufttryck:<\/em><\/span><\/td>\n<td><span style=\"color: #33cccc;\"><em>1002,4<\/em><\/span><\/td>\n<td><span style=\"color: #33cccc;\"><em>hPa<\/em><\/span><\/td>\n<\/tr>\n<tr>\n<td><span style=\"color: #33cccc;\"><em>Min.<\/em><\/span><\/td>\n<td><span style=\"color: #33cccc;\"><em>1001<\/em><\/span><\/td>\n<td><span style=\"color: #33cccc;\"><em>hPa<\/em><\/span><\/td>\n<\/tr>\n<tr>\n<td><span style=\"color: #33cccc;\"><em>Max.<\/em><\/span><\/td>\n<td><span style=\"color: #33cccc;\"><em>1002,4<\/em><\/span><\/td>\n<td><span style=\"color: #33cccc;\"><em>hPa<\/em><\/span><\/td>\n<\/tr>\n<tr>\n<td><span style=\"color: #33cccc;\"><em>Vindriktning:<\/em><\/span><\/td>\n<td colspan=\"2\"><span style=\"color: #33cccc;\"><em>Sydv\u00e4st.<\/em><\/span><\/td>\n<\/tr>\n<tr>\n<td><span style=\"color: #33cccc;\"><em>Vindhast.<\/em><\/span><\/td>\n<td><span style=\"color: #33cccc;\"><em>2<\/em><\/span><\/td>\n<td><span style=\"color: #33cccc;\"><em>m\/s<\/em><\/span><\/td>\n<\/tr>\n<tr>\n<td><span style=\"color: #33cccc;\"><em>Max:<\/em><\/span><\/td>\n<td><span style=\"color: #33cccc;\"><em>7<\/em><\/span><\/td>\n<td><span style=\"color: #33cccc;\"><em>m\/s<\/em><\/span><\/td>\n<\/tr>\n<tr>\n<td><span style=\"color: #33cccc;\"><em>Nederb\u00f6rd:<\/em><\/span><\/td>\n<td><span style=\"color: #33cccc;\"><em>0<\/em><\/span><\/td>\n<td><span style=\"color: #33cccc;\"><em>mm<\/em><\/span><\/td>\n<\/tr>\n<tr>\n<td><span style=\"color: #33cccc;\"><em>Sn\u00f6t\u00e4cke:<\/em><\/span><\/td>\n<td><span style=\"color: #33cccc;\"><em>Barmark.<\/em><\/span><\/td>\n<td><span style=\"color: #33cccc;\"><em>\u00a0<\/em><\/span><\/td>\n<\/tr>\n<\/tbody>\n<\/table>\n<p>&nbsp;<\/p>\n","protected":false},"excerpt":{"rendered":"<p>&nbsp; Idag har solen lyst fr\u00e5n en klarbl\u00e5 himmel, och det syns ju h\u00e4r p\u00e5 lunchbilden, som vanligt tagen utanf\u00f6r v\u00e5rt hus p\u00e5 Kyrkogatan. Lite vind idag ocks\u00e5, och temperaturen \u00e4r inte s\u00e5 m\u00e5nga grader \u00f6ver nollan, men solen v\u00e4rmer &hellip; <a href=\"https:\/\/jensgustafsson.se\/?p=5714\">Forts\u00e4tt l\u00e4sa <span class=\"meta-nav\">&rarr;<\/span><\/a><\/p>\n","protected":false},"author":1,"featured_media":0,"comment_status":"open","ping_status":"closed","sticky":false,"template":"","format":"standard","meta":{"footnotes":""},"categories":[10],"tags":[],"class_list":["post-5714","post","type-post","status-publish","format-standard","hentry","category-vaderdagbok-2013"],"_links":{"self":[{"href":"https:\/\/jensgustafsson.se\/index.php?rest_route=\/wp\/v2\/posts\/5714","targetHints":{"allow":["GET"]}}],"collection":[{"href":"https:\/\/jensgustafsson.se\/index.php?rest_route=\/wp\/v2\/posts"}],"about":[{"href":"https:\/\/jensgustafsson.se\/index.php?rest_route=\/wp\/v2\/types\/post"}],"author":[{"embeddable":true,"href":"https:\/\/jensgustafsson.se\/index.php?rest_route=\/wp\/v2\/users\/1"}],"replies":[{"embeddable":true,"href":"https:\/\/jensgustafsson.se\/index.php?rest_route=%2Fwp%2Fv2%2Fcomments&post=5714"}],"version-history":[{"count":1,"href":"https:\/\/jensgustafsson.se\/index.php?rest_route=\/wp\/v2\/posts\/5714\/revisions"}],"predecessor-version":[{"id":5717,"href":"https:\/\/jensgustafsson.se\/index.php?rest_route=\/wp\/v2\/posts\/5714\/revisions\/5717"}],"wp:attachment":[{"href":"https:\/\/jensgustafsson.se\/index.php?rest_route=%2Fwp%2Fv2%2Fmedia&parent=5714"}],"wp:term":[{"taxonomy":"category","embeddable":true,"href":"https:\/\/jensgustafsson.se\/index.php?rest_route=%2Fwp%2Fv2%2Fcategories&post=5714"},{"taxonomy":"post_tag","embeddable":true,"href":"https:\/\/jensgustafsson.se\/index.php?rest_route=%2Fwp%2Fv2%2Ftags&post=5714"}],"curies":[{"name":"wp","href":"https:\/\/api.w.org\/{rel}","templated":true}]}}