{"id":5786,"date":"2016-03-10T18:17:51","date_gmt":"2016-03-10T17:17:51","guid":{"rendered":"http:\/\/jensgustafsson.se\/?p=5786"},"modified":"2016-03-10T18:18:37","modified_gmt":"2016-03-10T17:18:37","slug":"torsdag-10-mars-2016","status":"publish","type":"post","link":"https:\/\/jensgustafsson.se\/?p=5786","title":{"rendered":"Torsdag 10 mars 2016."},"content":{"rendered":"<p>&nbsp;<\/p>\n<p><span style=\"color: #33cccc;\"><em>P\u00e5 morgonen och en bit in p\u00e5 f\u00f6rmiddagen var det mulet och lite disigt. Det kom ocks\u00e5 lite l\u00e4tta sn\u00f6flingor under f\u00f6rmiddagen.<\/em><\/span><\/p>\n<p><span style=\"color: #33cccc;\"><em>Sedan luckrades molnt\u00e4cket upp, och solen har varit framme bland molnen under eftermiddagen, men inte s\u00e5 mycket som ig\u00e5r.<\/em><\/span><\/p>\n<p><span style=\"color: #33cccc;\"><em>Vinden svag och ostlig.<\/em><\/span><\/p>\n<p><span style=\"color: #33cccc;\"><em>Halvklar himmel vid solnedg\u00e5ngen idag.<\/em><\/span><\/p>\n<p><span style=\"color: #33cccc;\"><em><a style=\"color: #33cccc;\" href=\"http:\/\/media1.jensgustafsson.se\/2016\/03\/DSC_0835.jpg\"><img loading=\"lazy\" decoding=\"async\" class=\"aligncenter size-full wp-image-5787\" src=\"http:\/\/media1.jensgustafsson.se\/2016\/03\/DSC_0835.jpg\" alt=\"DSC_0835\" width=\"3920\" height=\"2204\" srcset=\"https:\/\/media1.jensgustafsson.se\/2016\/03\/DSC_0835.jpg 3920w, https:\/\/media1.jensgustafsson.se\/2016\/03\/DSC_0835-300x169.jpg 300w, https:\/\/media1.jensgustafsson.se\/2016\/03\/DSC_0835-1024x576.jpg 1024w, https:\/\/media1.jensgustafsson.se\/2016\/03\/DSC_0835-500x281.jpg 500w\" sizes=\"auto, (max-width: 3920px) 100vw, 3920px\" \/><\/a><\/em><\/span><\/p>\n<p><span style=\"color: #33cccc;\"><em>Temperaturkurvan de senaste 24 timmarna:<\/em><\/span><\/p>\n<p><span style=\"color: #33cccc;\"><em><a style=\"color: #33cccc;\" href=\"http:\/\/media1.jensgustafsson.se\/2016\/03\/20160310.png\"><img loading=\"lazy\" decoding=\"async\" class=\"aligncenter size-full wp-image-5788\" src=\"http:\/\/media1.jensgustafsson.se\/2016\/03\/20160310.png\" alt=\"20160310\" width=\"600\" height=\"300\" srcset=\"https:\/\/media1.jensgustafsson.se\/2016\/03\/20160310.png 600w, https:\/\/media1.jensgustafsson.se\/2016\/03\/20160310-300x150.png 300w, https:\/\/media1.jensgustafsson.se\/2016\/03\/20160310-500x250.png 500w\" sizes=\"auto, (max-width: 600px) 100vw, 600px\" \/><\/a><\/em><\/span><\/p>\n<p><span style=\"color: #33cccc;\"><em>Aktuella och loggade v\u00e4rden fr\u00e5n 20160309 kl.19.00 till 20160310 kl.18.00:<\/em><\/span><\/p>\n<table width=\"323\">\n<tbody>\n<tr>\n<td width=\"191\"><span style=\"color: #33cccc;\"><em>Aktuell temp:<\/em><\/span><\/td>\n<td width=\"68\"><span style=\"color: #33cccc;\"><em>2,8<\/em><\/span><\/td>\n<td width=\"64\"><span style=\"color: #33cccc;\"><em>\u00b0C<\/em><\/span><\/td>\n<\/tr>\n<tr>\n<td><span style=\"color: #33cccc;\"><em>Mintemp:<\/em><\/span><\/td>\n<td><span style=\"color: #33cccc;\"><em>-2,1<\/em><\/span><\/td>\n<td><span style=\"color: #33cccc;\"><em>\u00b0C<\/em><\/span><\/td>\n<\/tr>\n<tr>\n<td><span style=\"color: #33cccc;\"><em>Maxtemp:<\/em><\/span><\/td>\n<td><span style=\"color: #33cccc;\"><em>5,5<\/em><\/span><\/td>\n<td><span style=\"color: #33cccc;\"><em>\u00b0C<\/em><\/span><\/td>\n<\/tr>\n<tr>\n<td><span style=\"color: #33cccc;\"><em>Luftfuktigh:<\/em><\/span><\/td>\n<td><span style=\"color: #33cccc;\"><em>78<\/em><\/span><\/td>\n<td><span style=\"color: #33cccc;\"><em>%.<\/em><\/span><\/td>\n<\/tr>\n<tr>\n<td><span style=\"color: #33cccc;\"><em>Min.<\/em><\/span><\/td>\n<td><span style=\"color: #33cccc;\"><em>70<\/em><\/span><\/td>\n<td><span style=\"color: #33cccc;\"><em>%.<\/em><\/span><\/td>\n<\/tr>\n<tr>\n<td><span style=\"color: #33cccc;\"><em>Max.<\/em><\/span><\/td>\n<td><span style=\"color: #33cccc;\"><em>89<\/em><\/span><\/td>\n<td><span style=\"color: #33cccc;\"><em>%.<\/em><\/span><\/td>\n<\/tr>\n<tr>\n<td><span style=\"color: #33cccc;\"><em>Lufttryck:<\/em><\/span><\/td>\n<td><span style=\"color: #33cccc;\"><em>1027,5<\/em><\/span><\/td>\n<td><span style=\"color: #33cccc;\"><em>hPa<\/em><\/span><\/td>\n<\/tr>\n<tr>\n<td><span style=\"color: #33cccc;\"><em>Min.<\/em><\/span><\/td>\n<td><span style=\"color: #33cccc;\"><em>1017,8<\/em><\/span><\/td>\n<td><span style=\"color: #33cccc;\"><em>hPa<\/em><\/span><\/td>\n<\/tr>\n<tr>\n<td><span style=\"color: #33cccc;\"><em>Max.<\/em><\/span><\/td>\n<td><span style=\"color: #33cccc;\"><em>1027,5<\/em><\/span><\/td>\n<td><span style=\"color: #33cccc;\"><em>hPa<\/em><\/span><\/td>\n<\/tr>\n<tr>\n<td><span style=\"color: #33cccc;\"><em>Vindriktning:<\/em><\/span><\/td>\n<td><span style=\"color: #33cccc;\"><em>Ostlig.<\/em><\/span><\/td>\n<td><span style=\"color: #33cccc;\"><em>\u00a0<\/em><\/span><\/td>\n<\/tr>\n<tr>\n<td><span style=\"color: #33cccc;\"><em>Vindhast.<\/em><\/span><\/td>\n<td><span style=\"color: #33cccc;\"><em>0<\/em><\/span><\/td>\n<td><span style=\"color: #33cccc;\"><em>m\/s.<\/em><\/span><\/td>\n<\/tr>\n<tr>\n<td><span style=\"color: #33cccc;\"><em>Maxvind:<\/em><\/span><\/td>\n<td><span style=\"color: #33cccc;\"><em>4<\/em><\/span><\/td>\n<td><span style=\"color: #33cccc;\"><em>m\/s.<\/em><\/span><\/td>\n<\/tr>\n<tr>\n<td><span style=\"color: #33cccc;\"><em>Nederb\u00f6rd:<\/em><\/span><\/td>\n<td><span style=\"color: #33cccc;\"><em>0<\/em><\/span><\/td>\n<td><span style=\"color: #33cccc;\"><em>mm<\/em><\/span><\/td>\n<\/tr>\n<\/tbody>\n<\/table>\n<p>&nbsp;<\/p>\n<p>&nbsp;<\/p>\n<p>&nbsp;<\/p>\n","protected":false},"excerpt":{"rendered":"<p>&nbsp; P\u00e5 morgonen och en bit in p\u00e5 f\u00f6rmiddagen var det mulet och lite disigt. Det kom ocks\u00e5 lite l\u00e4tta sn\u00f6flingor under f\u00f6rmiddagen. Sedan luckrades molnt\u00e4cket upp, och solen har varit framme bland molnen under eftermiddagen, men inte s\u00e5 mycket &hellip; <a href=\"https:\/\/jensgustafsson.se\/?p=5786\">Forts\u00e4tt l\u00e4sa <span class=\"meta-nav\">&rarr;<\/span><\/a><\/p>\n","protected":false},"author":1,"featured_media":0,"comment_status":"open","ping_status":"closed","sticky":false,"template":"","format":"standard","meta":{"footnotes":""},"categories":[10],"tags":[],"class_list":["post-5786","post","type-post","status-publish","format-standard","hentry","category-vaderdagbok-2013"],"_links":{"self":[{"href":"https:\/\/jensgustafsson.se\/index.php?rest_route=\/wp\/v2\/posts\/5786","targetHints":{"allow":["GET"]}}],"collection":[{"href":"https:\/\/jensgustafsson.se\/index.php?rest_route=\/wp\/v2\/posts"}],"about":[{"href":"https:\/\/jensgustafsson.se\/index.php?rest_route=\/wp\/v2\/types\/post"}],"author":[{"embeddable":true,"href":"https:\/\/jensgustafsson.se\/index.php?rest_route=\/wp\/v2\/users\/1"}],"replies":[{"embeddable":true,"href":"https:\/\/jensgustafsson.se\/index.php?rest_route=%2Fwp%2Fv2%2Fcomments&post=5786"}],"version-history":[{"count":2,"href":"https:\/\/jensgustafsson.se\/index.php?rest_route=\/wp\/v2\/posts\/5786\/revisions"}],"predecessor-version":[{"id":5790,"href":"https:\/\/jensgustafsson.se\/index.php?rest_route=\/wp\/v2\/posts\/5786\/revisions\/5790"}],"wp:attachment":[{"href":"https:\/\/jensgustafsson.se\/index.php?rest_route=%2Fwp%2Fv2%2Fmedia&parent=5786"}],"wp:term":[{"taxonomy":"category","embeddable":true,"href":"https:\/\/jensgustafsson.se\/index.php?rest_route=%2Fwp%2Fv2%2Fcategories&post=5786"},{"taxonomy":"post_tag","embeddable":true,"href":"https:\/\/jensgustafsson.se\/index.php?rest_route=%2Fwp%2Fv2%2Ftags&post=5786"}],"curies":[{"name":"wp","href":"https:\/\/api.w.org\/{rel}","templated":true}]}}