{"id":815,"date":"2013-03-19T17:08:41","date_gmt":"2013-03-19T17:08:41","guid":{"rendered":"http:\/\/jensgustafsson.se\/?p=815"},"modified":"2013-03-19T17:08:41","modified_gmt":"2013-03-19T17:08:41","slug":"tisdag-19e-mars","status":"publish","type":"post","link":"https:\/\/jensgustafsson.se\/?p=815","title":{"rendered":"Tisdag 19:e mars"},"content":{"rendered":"<div id=\"attachment_816\" style=\"width: 310px\" class=\"wp-caption aligncenter\"><a href=\"http:\/\/media1.jensgustafsson.se\/2013\/03\/PICT0004.jpg\"><img loading=\"lazy\" decoding=\"async\" aria-describedby=\"caption-attachment-816\" class=\"size-medium wp-image-816\" alt=\"Kyrkogatan ikv\u00e4ll.\" src=\"http:\/\/media1.jensgustafsson.se\/2013\/03\/PICT0004-300x225.jpg\" width=\"300\" height=\"225\" srcset=\"https:\/\/media1.jensgustafsson.se\/2013\/03\/PICT0004-300x225.jpg 300w, https:\/\/media1.jensgustafsson.se\/2013\/03\/PICT0004-1024x768.jpg 1024w, https:\/\/media1.jensgustafsson.se\/2013\/03\/PICT0004-400x300.jpg 400w, https:\/\/media1.jensgustafsson.se\/2013\/03\/PICT0004.jpg 2048w\" sizes=\"auto, (max-width: 300px) 100vw, 300px\" \/><\/a><p id=\"caption-attachment-816\" class=\"wp-caption-text\"><\/em> <em>Kyrkogatan ikv\u00e4ll.<\/em><\/p><\/div>\n<p><em>Det har varit en v\u00e4ldigt gr\u00e5kall dag med isig vind och\u00a0lite l\u00e4tta sn\u00f6byar, men ocks\u00e5 n\u00e5gra gluggar i molnen tidvis. Ikv\u00e4ll \u00e4r det n\u00e4stan helt mulet, och det sn\u00f6ar lite l\u00e4tt. Senaste dygnets v\u00e4der i siffror\u00a0blev s\u00e5h\u00e4r:<\/em><\/p>\n<table width=\"325\" border=\"0\" cellspacing=\"0\" cellpadding=\"0\">\n<colgroup>\n<col width=\"191\" \/>\n<col width=\"70\" \/>\n<col width=\"64\" \/><\/colgroup>\n<tbody>\n<tr>\n<td width=\"191\" height=\"19\"><em>20130319 \u00a0 kl.<\/em><\/td>\n<td width=\"70\"><em>18.00<\/em><\/td>\n<td width=\"64\"><em>\u00a0<\/em><\/td>\n<\/tr>\n<tr>\n<td height=\"19\"><em>Aktuell temp:<\/em><\/td>\n<td><em>-4,1<\/em><\/td>\n<td><em>\u00b0C<\/em><\/td>\n<\/tr>\n<tr>\n<td height=\"19\"><em>Mintemp:<\/em><\/td>\n<td><em>-6,1<\/em><\/td>\n<td><em>\u00b0C<\/em><\/td>\n<\/tr>\n<tr>\n<td height=\"19\"><em>Maxtemp:<\/em><\/td>\n<td><em>-1,7<\/em><\/td>\n<td><em>\u00b0C<\/em><\/td>\n<\/tr>\n<tr>\n<td height=\"19\"><em>Vindavkylning:<\/em><\/td>\n<td><em>-11,1<\/em><\/td>\n<td><em>\u00b0C<\/em><\/td>\n<\/tr>\n<tr>\n<td height=\"19\"><em>Vindavkylning,mintemp:<\/em><\/td>\n<td><em>-17,7<\/em><\/td>\n<td><em>\u00b0C<\/em><\/td>\n<\/tr>\n<tr>\n<td height=\"19\"><em>Luftfuktigh:<\/em><\/td>\n<td><em>81<\/em><\/td>\n<td><em>%<\/em><\/td>\n<\/tr>\n<tr>\n<td height=\"19\"><em>Min.<\/em><\/td>\n<td><em>64<\/em><\/td>\n<td><em>%<\/em><\/td>\n<\/tr>\n<tr>\n<td height=\"19\"><em>Max.<\/em><\/td>\n<td><em>81<\/em><\/td>\n<td><em>%<\/em><\/td>\n<\/tr>\n<tr>\n<td height=\"20\"><em>Lufttryck:<\/em><\/td>\n<td><em>1007,1<\/em><\/td>\n<td><em>hPa<\/em><\/td>\n<\/tr>\n<tr>\n<td height=\"20\"><em>Min.<\/em><\/td>\n<td><em>1006,7<\/em><\/td>\n<td><em>hPa<\/em><\/td>\n<\/tr>\n<tr>\n<td height=\"20\"><em>Max.<\/em><\/td>\n<td><em>1012,9<\/em><\/td>\n<td><em>hPa<\/em><\/td>\n<\/tr>\n<tr>\n<td height=\"20\"><em>Vindriktning:<\/em><\/td>\n<td colspan=\"2\"><em>Nordostlig.<\/em><\/td>\n<\/tr>\n<tr>\n<td height=\"19\"><em>Vindhast.<\/em><\/td>\n<td><em>4<\/em><\/td>\n<td><em>m\/s<\/em><\/td>\n<\/tr>\n<tr>\n<td height=\"19\"><em>Maxvind:<\/em><\/td>\n<td><em>9,1<\/em><\/td>\n<td><em>m\/s<\/em><\/td>\n<\/tr>\n<tr>\n<td height=\"19\"><em>Nederb\u00f6rd:<\/em><\/td>\n<td><em>0,5<\/em><\/td>\n<td><em>mm<\/em><\/td>\n<\/tr>\n<tr>\n<td height=\"19\"><em>Sn\u00f6t\u00e4cke:<\/em><\/td>\n<td><em>ca 6<\/em><\/td>\n<td><em>cm<\/em><\/td>\n<\/tr>\n<\/tbody>\n<\/table>\n<p>&nbsp;<\/p>\n","protected":false},"excerpt":{"rendered":"<p>Det har varit en v\u00e4ldigt gr\u00e5kall dag med isig vind och\u00a0lite l\u00e4tta sn\u00f6byar, men ocks\u00e5 n\u00e5gra gluggar i molnen tidvis. Ikv\u00e4ll \u00e4r det n\u00e4stan helt mulet, och det sn\u00f6ar lite l\u00e4tt. Senaste dygnets v\u00e4der i siffror\u00a0blev s\u00e5h\u00e4r: 20130319 \u00a0 kl. &hellip; <a href=\"https:\/\/jensgustafsson.se\/?p=815\">Forts\u00e4tt l\u00e4sa <span class=\"meta-nav\">&rarr;<\/span><\/a><\/p>\n","protected":false},"author":1,"featured_media":0,"comment_status":"open","ping_status":"open","sticky":false,"template":"","format":"standard","meta":{"footnotes":""},"categories":[10],"tags":[],"class_list":["post-815","post","type-post","status-publish","format-standard","hentry","category-vaderdagbok-2013"],"_links":{"self":[{"href":"https:\/\/jensgustafsson.se\/index.php?rest_route=\/wp\/v2\/posts\/815","targetHints":{"allow":["GET"]}}],"collection":[{"href":"https:\/\/jensgustafsson.se\/index.php?rest_route=\/wp\/v2\/posts"}],"about":[{"href":"https:\/\/jensgustafsson.se\/index.php?rest_route=\/wp\/v2\/types\/post"}],"author":[{"embeddable":true,"href":"https:\/\/jensgustafsson.se\/index.php?rest_route=\/wp\/v2\/users\/1"}],"replies":[{"embeddable":true,"href":"https:\/\/jensgustafsson.se\/index.php?rest_route=%2Fwp%2Fv2%2Fcomments&post=815"}],"version-history":[{"count":1,"href":"https:\/\/jensgustafsson.se\/index.php?rest_route=\/wp\/v2\/posts\/815\/revisions"}],"predecessor-version":[{"id":817,"href":"https:\/\/jensgustafsson.se\/index.php?rest_route=\/wp\/v2\/posts\/815\/revisions\/817"}],"wp:attachment":[{"href":"https:\/\/jensgustafsson.se\/index.php?rest_route=%2Fwp%2Fv2%2Fmedia&parent=815"}],"wp:term":[{"taxonomy":"category","embeddable":true,"href":"https:\/\/jensgustafsson.se\/index.php?rest_route=%2Fwp%2Fv2%2Fcategories&post=815"},{"taxonomy":"post_tag","embeddable":true,"href":"https:\/\/jensgustafsson.se\/index.php?rest_route=%2Fwp%2Fv2%2Ftags&post=815"}],"curies":[{"name":"wp","href":"https:\/\/api.w.org\/{rel}","templated":true}]}}