{"id":830,"date":"2013-03-22T18:50:51","date_gmt":"2013-03-22T18:50:51","guid":{"rendered":"http:\/\/jensgustafsson.se\/?p=830"},"modified":"2019-03-25T15:37:16","modified_gmt":"2019-03-25T14:37:16","slug":"fredag-22e-mars","status":"publish","type":"post","link":"https:\/\/jensgustafsson.se\/?p=830","title":{"rendered":"Fredag 22:e mars 2013."},"content":{"rendered":"<div id=\"attachment_831\" style=\"width: 310px\" class=\"wp-caption alignleft\"><a href=\"http:\/\/media1.jensgustafsson.se\/2013\/03\/PICT00011.jpg\"><img loading=\"lazy\" decoding=\"async\" aria-describedby=\"caption-attachment-831\" class=\"size-medium wp-image-831\" alt=\"En stund p\u00e5 f\u00f6rmiddagen...\" src=\"http:\/\/media1.jensgustafsson.se\/2013\/03\/PICT00011-300x225.jpg\" width=\"300\" height=\"225\" srcset=\"https:\/\/media1.jensgustafsson.se\/2013\/03\/PICT00011-300x225.jpg 300w, https:\/\/media1.jensgustafsson.se\/2013\/03\/PICT00011-1024x768.jpg 1024w, https:\/\/media1.jensgustafsson.se\/2013\/03\/PICT00011-400x300.jpg 400w, https:\/\/media1.jensgustafsson.se\/2013\/03\/PICT00011.jpg 2048w\" sizes=\"auto, (max-width: 300px) 100vw, 300px\" \/><\/a><p id=\"caption-attachment-831\" class=\"wp-caption-text\"><\/em> <em>En stund p\u00e5 f\u00f6rmiddagen&#8230;<\/em><\/p><\/div>\n<p><em>Under natten kom det ca 3 cm nysn\u00f6, och det fortsatte med sn\u00f6byar p\u00e5 morgonen. P\u00e5 f\u00f6rmiddagen l\u00e4ttade molnt\u00e4cket, och solen kom fram ( se bildn till v\u00e4nster), och man trodde att sn\u00f6andet var \u00f6ver. Det varade dock inte l\u00e5ng stund, f\u00f6rr\u00e4n det var helt vitt i luften av sn\u00f6 igen (se bilden nedan), och s\u00e5 har det fortsatt hela dagen. En av de sn\u00f6igaste dagarna denna vinter hittills tror jag.<\/em><\/p>\n<div id=\"attachment_832\" style=\"width: 310px\" class=\"wp-caption alignright\"><a href=\"http:\/\/media1.jensgustafsson.se\/2013\/03\/PICT00042.jpg\"><img loading=\"lazy\" decoding=\"async\" aria-describedby=\"caption-attachment-832\" class=\"size-medium wp-image-832\" alt=\"Kraftigt sn\u00f6fall 20130322\" src=\"http:\/\/media1.jensgustafsson.se\/2013\/03\/PICT00042-300x225.jpg\" width=\"300\" height=\"225\" srcset=\"https:\/\/media1.jensgustafsson.se\/2013\/03\/PICT00042-300x225.jpg 300w, https:\/\/media1.jensgustafsson.se\/2013\/03\/PICT00042-1024x768.jpg 1024w, https:\/\/media1.jensgustafsson.se\/2013\/03\/PICT00042-400x300.jpg 400w, https:\/\/media1.jensgustafsson.se\/2013\/03\/PICT00042.jpg 2048w\" sizes=\"auto, (max-width: 300px) 100vw, 300px\" \/><\/a><p id=\"caption-attachment-832\" class=\"wp-caption-text\"><\/em> <em>Kraftigt sn\u00f6fall 20130322<\/em><\/p>\n<dd class=\"wp-caption-dd\"><\/dd>\n<dd class=\"wp-caption-dd\"><\/dd>\n<dd class=\"wp-caption-dd\"><\/p><\/div>\n<p><em>Sn\u00f6djupet som jag angett i min dygnsrapport nedan \u00e4r ett cirkam\u00e5tt, det har ju drivit lite i den friska vinden, s\u00e5 det \u00e4r sv\u00e5rt att f\u00e5 ett exaktv\u00e4rde.<\/em><\/p>\n<p>&nbsp;<\/p>\n<p>&nbsp;<\/p>\n<p>&nbsp;<\/p>\n<p>&nbsp;<\/p>\n<p>&nbsp;<\/p>\n<p>&nbsp;<\/p>\n<table width=\"342\" border=\"0\" cellspacing=\"0\" cellpadding=\"0\">\n<colgroup>\n<col width=\"191\"\/>\n<col width=\"87\"\/>\n<col width=\"64\"\/><\/colgroup>\n<tbody>\n<tr>\n<td width=\"191\" height=\"19\"><em>20130322 &nbsp; kl.<\/em><\/td>\n<td width=\"87\"><em>19.30<\/em><\/td>\n<td width=\"64\"><em>&nbsp;<\/em><\/td>\n<\/tr>\n<tr>\n<td height=\"19\"><em>Aktuell temp:<\/em><\/td>\n<td><em>-7,8<\/em><\/td>\n<td><em>\u00b0C<\/em><\/td>\n<\/tr>\n<tr>\n<td height=\"19\"><em>Mintemp:<\/em><\/td>\n<td><em>-8,2<\/em><\/td>\n<td><em>\u00b0C<\/em><\/td>\n<\/tr>\n<tr>\n<td height=\"19\"><em>Maxtemp:<\/em><\/td>\n<td><em>-2,1<\/em><\/td>\n<td><em>\u00b0C<\/em><\/td>\n<\/tr>\n<tr>\n<td height=\"19\"><em>Vindavkylning:<\/em><\/td>\n<td><em>-10,6<\/em><\/td>\n<td><em>\u00b0C<\/em><\/td>\n<\/tr>\n<tr>\n<td height=\"19\"><em>Vindavkylning,mintemp:<\/em><\/td>\n<td><em>-16,2<\/em><\/td>\n<td><em>\u00b0C<\/em><\/td>\n<\/tr>\n<tr>\n<td height=\"19\"><em>Luftfuktigh:<\/em><\/td>\n<td><em>80<\/em><\/td>\n<td><em>%<\/em><\/td>\n<\/tr>\n<tr>\n<td height=\"19\"><em>Min.<\/em><\/td>\n<td><em>70<\/em><\/td>\n<td><em>%<\/em><\/td>\n<\/tr>\n<tr>\n<td height=\"19\"><em>Max.<\/em><\/td>\n<td><em>86<\/em><\/td>\n<td><em>%<\/em><\/td>\n<\/tr>\n<tr>\n<td height=\"20\"><em>Lufttryck:<\/em><\/td>\n<td><em>1032,1<\/em><\/td>\n<td><em>hPa<\/em><\/td>\n<\/tr>\n<tr>\n<td height=\"20\"><em>Min.<\/em><\/td>\n<td><em>1023,9<\/em><\/td>\n<td><em>hPa<\/em><\/td>\n<\/tr>\n<tr>\n<td height=\"20\"><em>Max.<\/em><\/td>\n<td><em>1032,2<\/em><\/td>\n<td><em>hPa<\/em><\/td>\n<\/tr>\n<tr>\n<td height=\"20\"><em>Vindriktning:<\/em><\/td>\n<td><em>Nordv\u00e4stlig<\/em><\/td>\n<td><em>&nbsp;<\/em><\/td>\n<\/tr>\n<tr>\n<td height=\"19\"><em>Vindhast.<\/em><\/td>\n<td><em>3<\/em><\/td>\n<td><em>m\/s<\/em><\/td>\n<\/tr>\n<tr>\n<td height=\"19\"><em>Maxvind:<\/em><\/td>\n<td><em>8,3<\/em><\/td>\n<td><em>m\/s<\/em><\/td>\n<\/tr>\n<tr>\n<td height=\"19\"><em>Nederb\u00f6rd:<\/em><\/td>\n<td><em>ca 9<\/em><\/td>\n<td><em>mm<\/em><\/td>\n<\/tr>\n<tr>\n<td height=\"19\"><em>Sn\u00f6t\u00e4cke:<\/em><\/td>\n<td><em>ca 20<\/em><\/td>\n<td><em>cm<\/em><\/td>\n<\/tr>\n<\/tbody>\n<\/table>\n<p>&nbsp;<\/p>\n<p>&nbsp;<\/p>\n<p>&nbsp;<\/dd>\n","protected":false},"excerpt":{"rendered":"<p>Under natten kom det ca 3 cm nysn\u00f6, och det fortsatte med sn\u00f6byar p\u00e5 morgonen. P\u00e5 f\u00f6rmiddagen l\u00e4ttade molnt\u00e4cket, och solen kom fram ( se bildn till v\u00e4nster), och man trodde att sn\u00f6andet var \u00f6ver. Det varade dock inte l\u00e5ng &hellip; <a href=\"https:\/\/jensgustafsson.se\/?p=830\">Forts\u00e4tt l\u00e4sa <span class=\"meta-nav\">&rarr;<\/span><\/a><\/p>\n","protected":false},"author":1,"featured_media":0,"comment_status":"open","ping_status":"open","sticky":false,"template":"","format":"standard","meta":{"footnotes":""},"categories":[10],"tags":[],"class_list":["post-830","post","type-post","status-publish","format-standard","hentry","category-vaderdagbok-2013"],"_links":{"self":[{"href":"https:\/\/jensgustafsson.se\/index.php?rest_route=\/wp\/v2\/posts\/830","targetHints":{"allow":["GET"]}}],"collection":[{"href":"https:\/\/jensgustafsson.se\/index.php?rest_route=\/wp\/v2\/posts"}],"about":[{"href":"https:\/\/jensgustafsson.se\/index.php?rest_route=\/wp\/v2\/types\/post"}],"author":[{"embeddable":true,"href":"https:\/\/jensgustafsson.se\/index.php?rest_route=\/wp\/v2\/users\/1"}],"replies":[{"embeddable":true,"href":"https:\/\/jensgustafsson.se\/index.php?rest_route=%2Fwp%2Fv2%2Fcomments&post=830"}],"version-history":[{"count":2,"href":"https:\/\/jensgustafsson.se\/index.php?rest_route=\/wp\/v2\/posts\/830\/revisions"}],"predecessor-version":[{"id":12240,"href":"https:\/\/jensgustafsson.se\/index.php?rest_route=\/wp\/v2\/posts\/830\/revisions\/12240"}],"wp:attachment":[{"href":"https:\/\/jensgustafsson.se\/index.php?rest_route=%2Fwp%2Fv2%2Fmedia&parent=830"}],"wp:term":[{"taxonomy":"category","embeddable":true,"href":"https:\/\/jensgustafsson.se\/index.php?rest_route=%2Fwp%2Fv2%2Fcategories&post=830"},{"taxonomy":"post_tag","embeddable":true,"href":"https:\/\/jensgustafsson.se\/index.php?rest_route=%2Fwp%2Fv2%2Ftags&post=830"}],"curies":[{"name":"wp","href":"https:\/\/api.w.org\/{rel}","templated":true}]}}