{"id":863,"date":"2013-03-27T17:51:01","date_gmt":"2013-03-27T16:51:01","guid":{"rendered":"http:\/\/jensgustafsson.se\/?p=863"},"modified":"2019-03-25T15:39:13","modified_gmt":"2019-03-25T14:39:13","slug":"onsdag-27e-mars","status":"publish","type":"post","link":"https:\/\/jensgustafsson.se\/?p=863","title":{"rendered":"Onsdag 27:e mars 2013."},"content":{"rendered":"<div id=\"attachment_864\" style=\"width: 310px\" class=\"wp-caption aligncenter\"><a href=\"http:\/\/media1.jensgustafsson.se\/2013\/03\/PICT0014.jpg\"><img loading=\"lazy\" decoding=\"async\" aria-describedby=\"caption-attachment-864\" class=\"size-medium wp-image-864\" alt=\"\u00c5ter en kall morgon\" src=\"http:\/\/media1.jensgustafsson.se\/2013\/03\/PICT0014-300x225.jpg\" width=\"300\" height=\"225\" srcset=\"https:\/\/media1.jensgustafsson.se\/2013\/03\/PICT0014-300x225.jpg 300w, https:\/\/media1.jensgustafsson.se\/2013\/03\/PICT0014-1024x768.jpg 1024w, https:\/\/media1.jensgustafsson.se\/2013\/03\/PICT0014-400x300.jpg 400w, https:\/\/media1.jensgustafsson.se\/2013\/03\/PICT0014.jpg 2048w\" sizes=\"auto, (max-width: 300px) 100vw, 300px\" \/><\/a><p id=\"caption-attachment-864\" class=\"wp-caption-text\"><em>\u00c5ter en kall morgon<\/em><\/p><\/div>\n<p><em>En kall natt f\u00f6ljdes idag av s<\/em><em>tr\u00e5lande, v\u00e4rmande sol&#8230;h\u00e4rligt.<\/em><\/p>\n<table width=\"342\" border=\"0\" cellspacing=\"0\" cellpadding=\"0\">\n<colgroup>\n<col width=\"191\"\/>\n<col width=\"87\"\/>\n<col width=\"64\"\/><\/colgroup>\n<tbody>\n<tr>\n<td width=\"191\" height=\"19\"><em>20130327 &nbsp; kl.<\/em><\/td>\n<td width=\"87\"><em>17.45<\/em><\/td>\n<td width=\"64\"><em>&nbsp;<\/em><\/td>\n<\/tr>\n<tr>\n<td height=\"19\"><em>Aktuell temp:<\/em><\/td>\n<td><em>1<\/em><\/td>\n<td><em>\u00b0C<\/em><\/td>\n<\/tr>\n<tr>\n<td height=\"19\"><em>Mintemp:<\/em><\/td>\n<td><em>-12,4<\/em><\/td>\n<td><em>\u00b0C<\/em><\/td>\n<\/tr>\n<tr>\n<td height=\"19\"><em>Maxtemp:<\/em><\/td>\n<td><em>2,8<\/em><\/td>\n<td><em>\u00b0C<\/em><\/td>\n<\/tr>\n<tr>\n<td height=\"19\"><em>Vindavkylning:<\/em><\/td>\n<td><em>0,5<\/em><\/td>\n<td><em>\u00b0C<\/em><\/td>\n<\/tr>\n<tr>\n<td height=\"19\"><em>Vindavkylning,mintemp:<\/em><\/td>\n<td><em>-17,8<\/em><\/td>\n<td><em>\u00b0C<\/em><\/td>\n<\/tr>\n<tr>\n<td height=\"19\"><em>Luftfuktigh:<\/em><\/td>\n<td><em>58<\/em><\/td>\n<td><em>%<\/em><\/td>\n<\/tr>\n<tr>\n<td height=\"19\"><em>Min.<\/em><\/td>\n<td><em>48<\/em><\/td>\n<td><em>%<\/em><\/td>\n<\/tr>\n<tr>\n<td height=\"19\"><em>Max.<\/em><\/td>\n<td><em>76<\/em><\/td>\n<td><em>%<\/em><\/td>\n<\/tr>\n<tr>\n<td height=\"20\"><em>Lufttryck:<\/em><\/td>\n<td><em>1020,8<\/em><\/td>\n<td><em>hPa<\/em><\/td>\n<\/tr>\n<tr>\n<td height=\"20\"><em>Min.<\/em><\/td>\n<td><em>1020,6<\/em><\/td>\n<td><em>hPa<\/em><\/td>\n<\/tr>\n<tr>\n<td height=\"20\"><em>Max.<\/em><\/td>\n<td><em>1022,6<\/em><\/td>\n<td><em>hPa<\/em><\/td>\n<\/tr>\n<tr>\n<td height=\"20\"><em>Vindriktning:<\/em><\/td>\n<td><em>Sydostlig.<\/em><\/td>\n<td><em>&nbsp;<\/em><\/td>\n<\/tr>\n<tr>\n<td height=\"19\"><em>Vindhast.<\/em><\/td>\n<td><em>2<\/em><\/td>\n<td><em>m\/s<\/em><\/td>\n<\/tr>\n<tr>\n<td height=\"19\"><em>Maxvind:<\/em><\/td>\n<td><em>6,3<\/em><\/td>\n<td><em>m\/s<\/em><\/td>\n<\/tr>\n<tr>\n<td height=\"19\"><em>Nederb\u00f6rd:<\/em><\/td>\n<td><em>0<\/em><\/td>\n<td><em>mm<\/em><\/td>\n<\/tr>\n<tr>\n<td height=\"19\"><em>Sn\u00f6t\u00e4cke:<\/em><\/td>\n<td><em>ca 10-12<\/em><\/td>\n<td><em>cm<\/em><\/td>\n<\/tr>\n<\/tbody>\n<\/table>\n<p>&nbsp;<\/p>\n<p>&nbsp;<\/p>\n","protected":false},"excerpt":{"rendered":"<p>En kall natt f\u00f6ljdes idag av str\u00e5lande, v\u00e4rmande sol&#8230;h\u00e4rligt. 20130327 &nbsp; kl. 17.45 &nbsp; Aktuell temp: 1 \u00b0C Mintemp: -12,4 \u00b0C Maxtemp: 2,8 \u00b0C Vindavkylning: 0,5 \u00b0C Vindavkylning,mintemp: -17,8 \u00b0C Luftfuktigh: 58 % Min. 48 % Max. 76 % Lufttryck: &hellip; <a href=\"https:\/\/jensgustafsson.se\/?p=863\">Forts\u00e4tt l\u00e4sa <span class=\"meta-nav\">&rarr;<\/span><\/a><\/p>\n","protected":false},"author":1,"featured_media":0,"comment_status":"open","ping_status":"open","sticky":false,"template":"","format":"standard","meta":{"footnotes":""},"categories":[10],"tags":[],"class_list":["post-863","post","type-post","status-publish","format-standard","hentry","category-vaderdagbok-2013"],"_links":{"self":[{"href":"https:\/\/jensgustafsson.se\/index.php?rest_route=\/wp\/v2\/posts\/863","targetHints":{"allow":["GET"]}}],"collection":[{"href":"https:\/\/jensgustafsson.se\/index.php?rest_route=\/wp\/v2\/posts"}],"about":[{"href":"https:\/\/jensgustafsson.se\/index.php?rest_route=\/wp\/v2\/types\/post"}],"author":[{"embeddable":true,"href":"https:\/\/jensgustafsson.se\/index.php?rest_route=\/wp\/v2\/users\/1"}],"replies":[{"embeddable":true,"href":"https:\/\/jensgustafsson.se\/index.php?rest_route=%2Fwp%2Fv2%2Fcomments&post=863"}],"version-history":[{"count":5,"href":"https:\/\/jensgustafsson.se\/index.php?rest_route=\/wp\/v2\/posts\/863\/revisions"}],"predecessor-version":[{"id":12244,"href":"https:\/\/jensgustafsson.se\/index.php?rest_route=\/wp\/v2\/posts\/863\/revisions\/12244"}],"wp:attachment":[{"href":"https:\/\/jensgustafsson.se\/index.php?rest_route=%2Fwp%2Fv2%2Fmedia&parent=863"}],"wp:term":[{"taxonomy":"category","embeddable":true,"href":"https:\/\/jensgustafsson.se\/index.php?rest_route=%2Fwp%2Fv2%2Fcategories&post=863"},{"taxonomy":"post_tag","embeddable":true,"href":"https:\/\/jensgustafsson.se\/index.php?rest_route=%2Fwp%2Fv2%2Ftags&post=863"}],"curies":[{"name":"wp","href":"https:\/\/api.w.org\/{rel}","templated":true}]}}